{"id":3014,"date":"2026-04-28T16:19:21","date_gmt":"2026-04-28T14:19:21","guid":{"rendered":"https:\/\/sp31.miastozabrze.pl\/?p=3014"},"modified":"2026-04-28T16:19:22","modified_gmt":"2026-04-28T14:19:22","slug":"wyspiewany-sukces-naszej-uczennicy","status":"publish","type":"post","link":"https:\/\/sp31.miastozabrze.pl\/?p=3014","title":{"rendered":"wy\u015bpiewany sukces naszej uczennicy"},"content":{"rendered":"\n<p> Z ogromn\u0105 dum\u0105 informujemy, \u017ce Eliza uczennica klasy 2b, wy\u015bpiewa\u0142a I miejsce w miejskim konkursie muzycznym &#8222;Piosenka moich marze\u0144&#8221;.<\/p>\n\n\n\n<p> Gratulujemy Elizie i \u017cyczymy dalszych sukces\u00f3w na muzycznej scenie!<\/p>\n\n\n\n<p><\/p>\n\n\n\n<figure class=\"wp-block-gallery has-nested-images columns-default is-cropped wp-block-gallery-1 is-layout-flex wp-block-gallery-is-layout-flex\">\n<figure class=\"wp-block-image size-large\"><img loading=\"lazy\" decoding=\"async\" width=\"768\" height=\"1024\" data-id=\"3015\" src=\"https:\/\/sp31.miastozabrze.pl\/wp-content\/uploads\/2026\/04\/1-2-768x1024.jpg\" alt=\"\" class=\"wp-image-3015\" srcset=\"https:\/\/sp31.miastozabrze.pl\/wp-content\/uploads\/2026\/04\/1-2-768x1024.jpg 768w, https:\/\/sp31.miastozabrze.pl\/wp-content\/uploads\/2026\/04\/1-2-225x300.jpg 225w, https:\/\/sp31.miastozabrze.pl\/wp-content\/uploads\/2026\/04\/1-2-1152x1536.jpg 1152w, https:\/\/sp31.miastozabrze.pl\/wp-content\/uploads\/2026\/04\/1-2.jpg 1536w\" sizes=\"auto, (max-width: 768px) 100vw, 768px\" \/><\/figure>\n\n\n\n<figure class=\"wp-block-image size-large\"><img loading=\"lazy\" decoding=\"async\" width=\"1024\" height=\"768\" data-id=\"3016\" src=\"https:\/\/sp31.miastozabrze.pl\/wp-content\/uploads\/2026\/04\/2-3-1024x768.jpg\" alt=\"\" class=\"wp-image-3016\" srcset=\"https:\/\/sp31.miastozabrze.pl\/wp-content\/uploads\/2026\/04\/2-3-1024x768.jpg 1024w, https:\/\/sp31.miastozabrze.pl\/wp-content\/uploads\/2026\/04\/2-3-300x225.jpg 300w, https:\/\/sp31.miastozabrze.pl\/wp-content\/uploads\/2026\/04\/2-3-768x576.jpg 768w, https:\/\/sp31.miastozabrze.pl\/wp-content\/uploads\/2026\/04\/2-3-1536x1152.jpg 1536w, https:\/\/sp31.miastozabrze.pl\/wp-content\/uploads\/2026\/04\/2-3.jpg 2048w\" sizes=\"auto, (max-width: 1024px) 100vw, 1024px\" \/><\/figure>\n<\/figure>\n","protected":false},"excerpt":{"rendered":"<p>Z ogromn\u0105 dum\u0105 informujemy, \u017ce Eliza uczennica klasy 2b, wy\u015bpiewa\u0142a I miejsce w miejskim konkursie muzycznym &#8222;Piosenka moich marze\u0144&#8221;. Gratulujemy Elizie i \u017cyczymy dalszych sukces\u00f3w [&hellip;]<\/p>\n","protected":false},"author":3,"featured_media":0,"comment_status":"closed","ping_status":"closed","sticky":false,"template":"","format":"standard","meta":{"_regular_price":[],"currency_symbol":[],"_kadence_starter_templates_imported_post":false,"footnotes":""},"categories":[6,11,40],"tags":[],"class_list":["post-3014","post","type-post","status-publish","format-standard","hentry","category-aktualnosci","category-kronika","category-osiagniecia"],"post_slider_layout_featured_media_urls":{"thumbnail":"","post_slider_layout_landscape_large":"","post_slider_layout_portrait_large":"","post_slider_layout_square_large":"","post_slider_layout_landscape":"","post_slider_layout_portrait":"","post_slider_layout_square":"","full":""},"_links":{"self":[{"href":"https:\/\/sp31.miastozabrze.pl\/index.php?rest_route=\/wp\/v2\/posts\/3014","targetHints":{"allow":["GET"]}}],"collection":[{"href":"https:\/\/sp31.miastozabrze.pl\/index.php?rest_route=\/wp\/v2\/posts"}],"about":[{"href":"https:\/\/sp31.miastozabrze.pl\/index.php?rest_route=\/wp\/v2\/types\/post"}],"author":[{"embeddable":true,"href":"https:\/\/sp31.miastozabrze.pl\/index.php?rest_route=\/wp\/v2\/users\/3"}],"replies":[{"embeddable":true,"href":"https:\/\/sp31.miastozabrze.pl\/index.php?rest_route=%2Fwp%2Fv2%2Fcomments&post=3014"}],"version-history":[{"count":1,"href":"https:\/\/sp31.miastozabrze.pl\/index.php?rest_route=\/wp\/v2\/posts\/3014\/revisions"}],"predecessor-version":[{"id":3017,"href":"https:\/\/sp31.miastozabrze.pl\/index.php?rest_route=\/wp\/v2\/posts\/3014\/revisions\/3017"}],"wp:attachment":[{"href":"https:\/\/sp31.miastozabrze.pl\/index.php?rest_route=%2Fwp%2Fv2%2Fmedia&parent=3014"}],"wp:term":[{"taxonomy":"category","embeddable":true,"href":"https:\/\/sp31.miastozabrze.pl\/index.php?rest_route=%2Fwp%2Fv2%2Fcategories&post=3014"},{"taxonomy":"post_tag","embeddable":true,"href":"https:\/\/sp31.miastozabrze.pl\/index.php?rest_route=%2Fwp%2Fv2%2Ftags&post=3014"}],"curies":[{"name":"wp","href":"https:\/\/api.w.org\/{rel}","templated":true}]}}