{"id":2913,"date":"2026-02-18T23:19:10","date_gmt":"2026-02-18T22:19:10","guid":{"rendered":"https:\/\/sp31.miastozabrze.pl\/?p=2913"},"modified":"2026-03-03T23:44:45","modified_gmt":"2026-03-03T22:44:45","slug":"rzeczne-historie","status":"publish","type":"post","link":"https:\/\/sp31.miastozabrze.pl\/?p=2913","title":{"rendered":"Rzeczne historie"},"content":{"rendered":"\n<p>Zmiana zaczyna si\u0119 od opowie\u015bci! Na lekcji j\u0119zyka polskiego uczennice i uczniowie klasy \u00f3smej obejrzeli film Ewy Ewart &#8222;Do ostatniej kropli&#8221;. Ta poruszaj\u0105ca historia rzek z ca\u0142ego \u015bwiata sta\u0142a si\u0119 przyczynkiem do dyskusji nad tym, jak postrzegana jest woda. Korzystaj\u0105c z kart pracy, \u00f3smoklasi\u015bci rozpocz\u0119li empatyczn\u0105 podr\u00f3\u017c w g\u0142\u0105b rzecznego \u015bwiata&#8230; i w poszukiwaniu ekologa w samym sobie. Dzi\u0119ki odwr\u00f3ceniu r\u00f3l woda przesta\u0142a by\u0107 t\u0142em i w ko\u0144cu znalaz\u0142a si\u0119 w blasku fleszy jak ka\u017cda wielka gwiazda! Partnerem programu Code For Blue jest @Canpack Group.<\/p>\n\n\n\n<figure class=\"wp-block-gallery has-nested-images columns-default is-cropped wp-block-gallery-1 is-layout-flex wp-block-gallery-is-layout-flex\">\n<figure class=\"wp-block-image size-large\"><img loading=\"lazy\" decoding=\"async\" width=\"1024\" height=\"572\" data-id=\"2903\" src=\"https:\/\/sp31.miastozabrze.pl\/wp-content\/uploads\/2026\/03\/646290871_1529471018519277_6219250082899534575_n-1024x572.jpg\" alt=\"\" class=\"wp-image-2903\" srcset=\"https:\/\/sp31.miastozabrze.pl\/wp-content\/uploads\/2026\/03\/646290871_1529471018519277_6219250082899534575_n-1024x572.jpg 1024w, https:\/\/sp31.miastozabrze.pl\/wp-content\/uploads\/2026\/03\/646290871_1529471018519277_6219250082899534575_n-300x167.jpg 300w, https:\/\/sp31.miastozabrze.pl\/wp-content\/uploads\/2026\/03\/646290871_1529471018519277_6219250082899534575_n-768x429.jpg 768w, https:\/\/sp31.miastozabrze.pl\/wp-content\/uploads\/2026\/03\/646290871_1529471018519277_6219250082899534575_n-1536x857.jpg 1536w, https:\/\/sp31.miastozabrze.pl\/wp-content\/uploads\/2026\/03\/646290871_1529471018519277_6219250082899534575_n.jpg 2048w\" sizes=\"auto, (max-width: 1024px) 100vw, 1024px\" \/><\/figure>\n\n\n\n<figure class=\"wp-block-image size-large\"><img loading=\"lazy\" decoding=\"async\" width=\"1000\" height=\"1000\" data-id=\"2911\" src=\"https:\/\/sp31.miastozabrze.pl\/wp-content\/uploads\/2026\/02\/1.png\" alt=\"\" class=\"wp-image-2911\" srcset=\"https:\/\/sp31.miastozabrze.pl\/wp-content\/uploads\/2026\/02\/1.png 1000w, https:\/\/sp31.miastozabrze.pl\/wp-content\/uploads\/2026\/02\/1-300x300.png 300w, https:\/\/sp31.miastozabrze.pl\/wp-content\/uploads\/2026\/02\/1-150x150.png 150w, https:\/\/sp31.miastozabrze.pl\/wp-content\/uploads\/2026\/02\/1-768x768.png 768w, https:\/\/sp31.miastozabrze.pl\/wp-content\/uploads\/2026\/02\/1-600x600.png 600w\" sizes=\"auto, (max-width: 1000px) 100vw, 1000px\" \/><\/figure>\n<\/figure>\n","protected":false},"excerpt":{"rendered":"<p>Zmiana zaczyna si\u0119 od opowie\u015bci! Na lekcji j\u0119zyka polskiego uczennice i uczniowie klasy \u00f3smej obejrzeli film Ewy Ewart &#8222;Do ostatniej kropli&#8221;. Ta poruszaj\u0105ca historia rzek [&hellip;]<\/p>\n","protected":false},"author":2,"featured_media":0,"comment_status":"closed","ping_status":"open","sticky":false,"template":"","format":"standard","meta":{"_regular_price":[],"currency_symbol":[],"_kadence_starter_templates_imported_post":false,"footnotes":""},"categories":[6,1,39],"tags":[],"class_list":["post-2913","post","type-post","status-publish","format-standard","hentry","category-aktualnosci","category-bez-kategorii","category-code-for-blue"],"post_slider_layout_featured_media_urls":{"thumbnail":"","post_slider_layout_landscape_large":"","post_slider_layout_portrait_large":"","post_slider_layout_square_large":"","post_slider_layout_landscape":"","post_slider_layout_portrait":"","post_slider_layout_square":"","full":""},"_links":{"self":[{"href":"https:\/\/sp31.miastozabrze.pl\/index.php?rest_route=\/wp\/v2\/posts\/2913","targetHints":{"allow":["GET"]}}],"collection":[{"href":"https:\/\/sp31.miastozabrze.pl\/index.php?rest_route=\/wp\/v2\/posts"}],"about":[{"href":"https:\/\/sp31.miastozabrze.pl\/index.php?rest_route=\/wp\/v2\/types\/post"}],"author":[{"embeddable":true,"href":"https:\/\/sp31.miastozabrze.pl\/index.php?rest_route=\/wp\/v2\/users\/2"}],"replies":[{"embeddable":true,"href":"https:\/\/sp31.miastozabrze.pl\/index.php?rest_route=%2Fwp%2Fv2%2Fcomments&post=2913"}],"version-history":[{"count":2,"href":"https:\/\/sp31.miastozabrze.pl\/index.php?rest_route=\/wp\/v2\/posts\/2913\/revisions"}],"predecessor-version":[{"id":2916,"href":"https:\/\/sp31.miastozabrze.pl\/index.php?rest_route=\/wp\/v2\/posts\/2913\/revisions\/2916"}],"wp:attachment":[{"href":"https:\/\/sp31.miastozabrze.pl\/index.php?rest_route=%2Fwp%2Fv2%2Fmedia&parent=2913"}],"wp:term":[{"taxonomy":"category","embeddable":true,"href":"https:\/\/sp31.miastozabrze.pl\/index.php?rest_route=%2Fwp%2Fv2%2Fcategories&post=2913"},{"taxonomy":"post_tag","embeddable":true,"href":"https:\/\/sp31.miastozabrze.pl\/index.php?rest_route=%2Fwp%2Fv2%2Ftags&post=2913"}],"curies":[{"name":"wp","href":"https:\/\/api.w.org\/{rel}","templated":true}]}}